{"id":4236,"date":"2021-04-14T10:41:59","date_gmt":"2021-04-14T08:41:59","guid":{"rendered":"https:\/\/asivolley.fr\/?p=4236"},"modified":"2021-04-14T11:19:14","modified_gmt":"2021-04-14T09:19:14","slug":"revue-de-presse-les-illacais-ont-deja-boucle-leur-recrutement","status":"publish","type":"post","link":"https:\/\/asivolley.fr\/index.php\/2021\/04\/14\/revue-de-presse-les-illacais-ont-deja-boucle-leur-recrutement\/","title":{"rendered":"Revue de Presse : Les Illacais ont d\u00e9j\u00e0 boucl\u00e9 leur recrutement"},"content":{"rendered":"<p>Retour sur l\u2019article Sud Ouest sur les nouvelles recrues\u00a0de l\u2019ASI.\u00a0<img loading=\"lazy\" decoding=\"async\" class=\"alignnone wp-image-4237 size-full\" src=\"https:\/\/asivolley.fr\/wp-content\/uploads\/2021\/04\/Capture-d\u2019\u00e9cran-.-2021-04-13-\u00e0-06.00.55.png\" alt=\"\" width=\"936\" height=\"1223\" srcset=\"https:\/\/asivolley.fr\/wp-content\/uploads\/2021\/04\/Capture-d\u2019\u00e9cran-.-2021-04-13-\u00e0-06.00.55.png 936w, https:\/\/asivolley.fr\/wp-content\/uploads\/2021\/04\/Capture-d\u2019\u00e9cran-.-2021-04-13-\u00e0-06.00.55-230x300.png 230w, https:\/\/asivolley.fr\/wp-content\/uploads\/2021\/04\/Capture-d\u2019\u00e9cran-.-2021-04-13-\u00e0-06.00.55-768x1003.png 768w, https:\/\/asivolley.fr\/wp-content\/uploads\/2021\/04\/Capture-d\u2019\u00e9cran-.-2021-04-13-\u00e0-06.00.55-784x1024.png 784w, https:\/\/asivolley.fr\/wp-content\/uploads\/2021\/04\/Capture-d\u2019\u00e9cran-.-2021-04-13-\u00e0-06.00.55-98x128.png 98w, https:\/\/asivolley.fr\/wp-content\/uploads\/2021\/04\/Capture-d\u2019\u00e9cran-.-2021-04-13-\u00e0-06.00.55-24x32.png 24w, https:\/\/asivolley.fr\/wp-content\/uploads\/2021\/04\/Capture-d\u2019\u00e9cran-.-2021-04-13-\u00e0-06.00.55-75x98.png 75w, https:\/\/asivolley.fr\/wp-content\/uploads\/2021\/04\/Capture-d\u2019\u00e9cran-.-2021-04-13-\u00e0-06.00.55-600x784.png 600w\" sizes=\"(max-width: 936px) 100vw, 936px\" \/><\/p>\n<p><img loading=\"lazy\" decoding=\"async\" class=\"alignnone size-medium wp-image-4241\" src=\"https:\/\/asivolley.fr\/wp-content\/uploads\/2021\/04\/520C2654AF2E435D8113879A65EA6108-copie-300x268.png\" alt=\"\" width=\"300\" height=\"268\" srcset=\"https:\/\/asivolley.fr\/wp-content\/uploads\/2021\/04\/520C2654AF2E435D8113879A65EA6108-copie-300x268.png 300w, https:\/\/asivolley.fr\/wp-content\/uploads\/2021\/04\/520C2654AF2E435D8113879A65EA6108-copie-128x115.png 128w, https:\/\/asivolley.fr\/wp-content\/uploads\/2021\/04\/520C2654AF2E435D8113879A65EA6108-copie-32x29.png 32w, https:\/\/asivolley.fr\/wp-content\/uploads\/2021\/04\/520C2654AF2E435D8113879A65EA6108-copie-98x88.png 98w, https:\/\/asivolley.fr\/wp-content\/uploads\/2021\/04\/520C2654AF2E435D8113879A65EA6108-copie.png 333w\" sizes=\"(max-width: 300px) 100vw, 300px\" \/><img loading=\"lazy\" decoding=\"async\" class=\"alignnone size-full wp-image-4242\" src=\"https:\/\/asivolley.fr\/wp-content\/uploads\/2021\/04\/E4B5002F8EB44A898B232AE7EEEEF4DB-copie.png\" alt=\"\" width=\"160\" height=\"239\" srcset=\"https:\/\/asivolley.fr\/wp-content\/uploads\/2021\/04\/E4B5002F8EB44A898B232AE7EEEEF4DB-copie.png 160w, https:\/\/asivolley.fr\/wp-content\/uploads\/2021\/04\/E4B5002F8EB44A898B232AE7EEEEF4DB-copie-86x128.png 86w, https:\/\/asivolley.fr\/wp-content\/uploads\/2021\/04\/E4B5002F8EB44A898B232AE7EEEEF4DB-copie-21x32.png 21w, https:\/\/asivolley.fr\/wp-content\/uploads\/2021\/04\/E4B5002F8EB44A898B232AE7EEEEF4DB-copie-66x98.png 66w\" sizes=\"(max-width: 160px) 100vw, 160px\" \/><img loading=\"lazy\" decoding=\"async\" class=\"alignnone size-full wp-image-4243\" src=\"https:\/\/asivolley.fr\/wp-content\/uploads\/2021\/04\/C3AD0A8B3E644465B765FC77E0DA2ECB-copie.png\" alt=\"\" width=\"161\" height=\"239\" srcset=\"https:\/\/asivolley.fr\/wp-content\/uploads\/2021\/04\/C3AD0A8B3E644465B765FC77E0DA2ECB-copie.png 161w, https:\/\/asivolley.fr\/wp-content\/uploads\/2021\/04\/C3AD0A8B3E644465B765FC77E0DA2ECB-copie-86x128.png 86w, https:\/\/asivolley.fr\/wp-content\/uploads\/2021\/04\/C3AD0A8B3E644465B765FC77E0DA2ECB-copie-22x32.png 22w, https:\/\/asivolley.fr\/wp-content\/uploads\/2021\/04\/C3AD0A8B3E644465B765FC77E0DA2ECB-copie-66x98.png 66w\" sizes=\"(max-width: 161px) 100vw, 161px\" \/><\/p>\n<p>Romain Bonon (ancien de l&rsquo; ASI) \u00a0 \u00a0 \u00a0 \u00a0 \u00a0Maxime Hervoir (St Nazaire) \u00a0 \u00a0 Rapha\u00ebl Pascal (S\u00e8te)<\/p>\n<p>&nbsp;<\/p>\n","protected":false},"excerpt":{"rendered":"<p>Retour sur l\u2019article Sud Ouest sur les nouvelles recrues\u00a0de l\u2019ASI.\u00a0 Romain Bonon (ancien de l&rsquo; ASI) \u00a0 \u00a0 \u00a0 \u00a0 \u00a0Maxime Hervoir (St Nazaire) \u00a0 \u00a0 Rapha\u00ebl Pascal (S\u00e8te) &nbsp;<\/p>\n","protected":false},"author":3,"featured_media":4239,"comment_status":"closed","ping_status":"closed","sticky":false,"template":"","format":"standard","meta":{"footnotes":""},"categories":[276],"tags":[],"_links":{"self":[{"href":"https:\/\/asivolley.fr\/index.php\/wp-json\/wp\/v2\/posts\/4236"}],"collection":[{"href":"https:\/\/asivolley.fr\/index.php\/wp-json\/wp\/v2\/posts"}],"about":[{"href":"https:\/\/asivolley.fr\/index.php\/wp-json\/wp\/v2\/types\/post"}],"author":[{"embeddable":true,"href":"https:\/\/asivolley.fr\/index.php\/wp-json\/wp\/v2\/users\/3"}],"replies":[{"embeddable":true,"href":"https:\/\/asivolley.fr\/index.php\/wp-json\/wp\/v2\/comments?post=4236"}],"version-history":[{"count":2,"href":"https:\/\/asivolley.fr\/index.php\/wp-json\/wp\/v2\/posts\/4236\/revisions"}],"predecessor-version":[{"id":4244,"href":"https:\/\/asivolley.fr\/index.php\/wp-json\/wp\/v2\/posts\/4236\/revisions\/4244"}],"wp:featuredmedia":[{"embeddable":true,"href":"https:\/\/asivolley.fr\/index.php\/wp-json\/wp\/v2\/media\/4239"}],"wp:attachment":[{"href":"https:\/\/asivolley.fr\/index.php\/wp-json\/wp\/v2\/media?parent=4236"}],"wp:term":[{"taxonomy":"category","embeddable":true,"href":"https:\/\/asivolley.fr\/index.php\/wp-json\/wp\/v2\/categories?post=4236"},{"taxonomy":"post_tag","embeddable":true,"href":"https:\/\/asivolley.fr\/index.php\/wp-json\/wp\/v2\/tags?post=4236"}],"curies":[{"name":"wp","href":"https:\/\/api.w.org\/{rel}","templated":true}]}}