{"id":4216,"date":"2021-03-23T10:45:59","date_gmt":"2021-03-23T09:45:59","guid":{"rendered":"https:\/\/asivolley.fr\/?p=4216"},"modified":"2021-03-23T10:45:59","modified_gmt":"2021-03-23T09:45:59","slug":"revue-de-presse-une-defaite-une-elimination-mais-beaucoup-demotions-a-illac","status":"publish","type":"post","link":"https:\/\/asivolley.fr\/index.php\/2021\/03\/23\/revue-de-presse-une-defaite-une-elimination-mais-beaucoup-demotions-a-illac\/","title":{"rendered":"Revue de Presse : Une d\u00e9faite, une \u00e9limination mais beaucoup d&rsquo;\u00e9motions \u00e0 Illac"},"content":{"rendered":"<p>Retour sur l\u2019article Sud Ouest sur la fin de saison de l\u2019ASI.\u00a0<img loading=\"lazy\" decoding=\"async\" class=\"alignnone wp-image-4217 size-full\" src=\"https:\/\/asivolley.fr\/wp-content\/uploads\/2021\/03\/IMG_3842.jpg\" alt=\"\" width=\"1124\" height=\"1126\" srcset=\"https:\/\/asivolley.fr\/wp-content\/uploads\/2021\/03\/IMG_3842.jpg 1124w, https:\/\/asivolley.fr\/wp-content\/uploads\/2021\/03\/IMG_3842-150x150.jpg 150w, https:\/\/asivolley.fr\/wp-content\/uploads\/2021\/03\/IMG_3842-300x300.jpg 300w, https:\/\/asivolley.fr\/wp-content\/uploads\/2021\/03\/IMG_3842-768x769.jpg 768w, https:\/\/asivolley.fr\/wp-content\/uploads\/2021\/03\/IMG_3842-1022x1024.jpg 1022w, https:\/\/asivolley.fr\/wp-content\/uploads\/2021\/03\/IMG_3842-128x128.jpg 128w, https:\/\/asivolley.fr\/wp-content\/uploads\/2021\/03\/IMG_3842-32x32.jpg 32w, https:\/\/asivolley.fr\/wp-content\/uploads\/2021\/03\/IMG_3842-200x200.jpg 200w, https:\/\/asivolley.fr\/wp-content\/uploads\/2021\/03\/IMG_3842-255x255.jpg 255w, https:\/\/asivolley.fr\/wp-content\/uploads\/2021\/03\/IMG_3842-80x80.jpg 80w, https:\/\/asivolley.fr\/wp-content\/uploads\/2021\/03\/IMG_3842-740x740.jpg 740w, https:\/\/asivolley.fr\/wp-content\/uploads\/2021\/03\/IMG_3842-98x98.jpg 98w, https:\/\/asivolley.fr\/wp-content\/uploads\/2021\/03\/IMG_3842-600x601.jpg 600w, https:\/\/asivolley.fr\/wp-content\/uploads\/2021\/03\/IMG_3842-100x100.jpg 100w\" sizes=\"(max-width: 1124px) 100vw, 1124px\" \/><\/p>\n","protected":false},"excerpt":{"rendered":"<p>Retour sur l\u2019article Sud Ouest sur la fin de saison de l\u2019ASI.\u00a0<\/p>\n","protected":false},"author":3,"featured_media":4218,"comment_status":"closed","ping_status":"closed","sticky":false,"template":"","format":"standard","meta":{"footnotes":""},"categories":[276],"tags":[],"_links":{"self":[{"href":"https:\/\/asivolley.fr\/index.php\/wp-json\/wp\/v2\/posts\/4216"}],"collection":[{"href":"https:\/\/asivolley.fr\/index.php\/wp-json\/wp\/v2\/posts"}],"about":[{"href":"https:\/\/asivolley.fr\/index.php\/wp-json\/wp\/v2\/types\/post"}],"author":[{"embeddable":true,"href":"https:\/\/asivolley.fr\/index.php\/wp-json\/wp\/v2\/users\/3"}],"replies":[{"embeddable":true,"href":"https:\/\/asivolley.fr\/index.php\/wp-json\/wp\/v2\/comments?post=4216"}],"version-history":[{"count":1,"href":"https:\/\/asivolley.fr\/index.php\/wp-json\/wp\/v2\/posts\/4216\/revisions"}],"predecessor-version":[{"id":4219,"href":"https:\/\/asivolley.fr\/index.php\/wp-json\/wp\/v2\/posts\/4216\/revisions\/4219"}],"wp:featuredmedia":[{"embeddable":true,"href":"https:\/\/asivolley.fr\/index.php\/wp-json\/wp\/v2\/media\/4218"}],"wp:attachment":[{"href":"https:\/\/asivolley.fr\/index.php\/wp-json\/wp\/v2\/media?parent=4216"}],"wp:term":[{"taxonomy":"category","embeddable":true,"href":"https:\/\/asivolley.fr\/index.php\/wp-json\/wp\/v2\/categories?post=4216"},{"taxonomy":"post_tag","embeddable":true,"href":"https:\/\/asivolley.fr\/index.php\/wp-json\/wp\/v2\/tags?post=4216"}],"curies":[{"name":"wp","href":"https:\/\/api.w.org\/{rel}","templated":true}]}}