{"id":4147,"date":"2021-01-27T14:13:34","date_gmt":"2021-01-27T13:13:34","guid":{"rendered":"https:\/\/asivolley.fr\/?p=4147"},"modified":"2021-01-27T14:24:14","modified_gmt":"2021-01-27T13:24:14","slug":"burdis-une-ascension-bordelaise","status":"publish","type":"post","link":"https:\/\/asivolley.fr\/index.php\/2021\/01\/27\/burdis-une-ascension-bordelaise\/","title":{"rendered":"Les Burdis, Une ascension bordelaise"},"content":{"rendered":"<p class=\"Corps\">Suite \u00e0 l\u2019Op\u00e9ration <em>Sport F\u00e9minin Toujours<\/em> mise en place par la LNV en soutien au sport f\u00e9minin, l\u2019\u00e9quipe de l\u2019ASI a souhait\u00e9 communiquer cette semaine sur l\u2019\u00e9quipe bordelaise de volley f\u00e9minin des Burdis. Le club a \u00e9t\u00e9 cr\u00e9e en 2013 suite au rapprochement des clubs supports des JSA et du SAM. Val\u00e9<span lang=\"DE\">rie Pull et B<\/span>\u00e9atrice Knoepfler ont repris la gestion du club en avril 2019 apr<span lang=\"IT\">\u00e8<\/span>s le d\u00e9part de Sylvain Morvan.\u00a0 Les Burdis jouent leurs matchs en plein coeur de Bordeaux, au Palais des Sports et \u00e9voluent actuellement au plus haut niveau de volley-ball f\u00e9minin en Nouvelle-Aquitaine en occupant la 3\u00e8me place du classement Elite (28 points).<\/p>\n<p class=\"Corps\">Cette ann\u00e9e l\u2019\u00e9quipe a \u00e9t\u00e9 remani\u00e9e avec un nouvel entra\u00eeneur: Guillaume Condamin ainsi que 4 nouvelles joueuses : Sabryn Roberts, Binetou Sow Diop, Diane Picard et Zs\u00f3fia Gyimes.\u00a0Les nouvelles recrues se sont tr\u00e8s vite int\u00e9gr\u00e9es dans le groupe. Cette coh\u00e9sion a permis \u00e0 l\u2019\u00e9quipe d\u2019accumuler les victoires en terminant l\u2019ann\u00e9e 2020 par 7 victoires et 2 d\u00e9faites. Elles ont \u00e9galement d\u00e9but\u00e9 l\u2019ann\u00e9e 2021 en beaut\u00e9 avec 2 victoires. Nous esp\u00e9rons que les Burdis continueront cette belle ascension et pourront rapidement retrouver leur public.<\/p>\n<p class=\"Corps\">Prochain rendez-vous ce samedi 30 janvier \u00e0 20h \u00e0 Sens. Le match sera retransmis en direct sur le Facebook des Burdis.<\/p>\n","protected":false},"excerpt":{"rendered":"<p>Suite \u00e0 l\u2019Op\u00e9ration Sport F\u00e9minin Toujours mise en place par la LNV en soutien au sport f\u00e9minin, l\u2019\u00e9quipe de l\u2019ASI a souhait\u00e9 communiquer cette semaine sur l\u2019\u00e9quipe bordelaise de volley f\u00e9minin des Burdis. Le club a \u00e9t\u00e9 cr\u00e9e en 2013 suite au rapprochement des clubs supports des JSA et du SAM. Val\u00e9rie Pull et B\u00e9atrice&#8230;<\/p>\n","protected":false},"author":3,"featured_media":4148,"comment_status":"closed","ping_status":"closed","sticky":false,"template":"","format":"standard","meta":{"footnotes":""},"categories":[270],"tags":[273,274,272,271],"_links":{"self":[{"href":"https:\/\/asivolley.fr\/index.php\/wp-json\/wp\/v2\/posts\/4147"}],"collection":[{"href":"https:\/\/asivolley.fr\/index.php\/wp-json\/wp\/v2\/posts"}],"about":[{"href":"https:\/\/asivolley.fr\/index.php\/wp-json\/wp\/v2\/types\/post"}],"author":[{"embeddable":true,"href":"https:\/\/asivolley.fr\/index.php\/wp-json\/wp\/v2\/users\/3"}],"replies":[{"embeddable":true,"href":"https:\/\/asivolley.fr\/index.php\/wp-json\/wp\/v2\/comments?post=4147"}],"version-history":[{"count":5,"href":"https:\/\/asivolley.fr\/index.php\/wp-json\/wp\/v2\/posts\/4147\/revisions"}],"predecessor-version":[{"id":4153,"href":"https:\/\/asivolley.fr\/index.php\/wp-json\/wp\/v2\/posts\/4147\/revisions\/4153"}],"wp:featuredmedia":[{"embeddable":true,"href":"https:\/\/asivolley.fr\/index.php\/wp-json\/wp\/v2\/media\/4148"}],"wp:attachment":[{"href":"https:\/\/asivolley.fr\/index.php\/wp-json\/wp\/v2\/media?parent=4147"}],"wp:term":[{"taxonomy":"category","embeddable":true,"href":"https:\/\/asivolley.fr\/index.php\/wp-json\/wp\/v2\/categories?post=4147"},{"taxonomy":"post_tag","embeddable":true,"href":"https:\/\/asivolley.fr\/index.php\/wp-json\/wp\/v2\/tags?post=4147"}],"curies":[{"name":"wp","href":"https:\/\/api.w.org\/{rel}","templated":true}]}}