{"id":4133,"date":"2021-01-21T14:10:42","date_gmt":"2021-01-21T13:10:42","guid":{"rendered":"https:\/\/asivolley.fr\/?p=4133"},"modified":"2021-01-21T14:36:51","modified_gmt":"2021-01-21T13:36:51","slug":"stages-jeunes","status":"publish","type":"post","link":"https:\/\/asivolley.fr\/index.php\/2021\/01\/21\/stages-jeunes\/","title":{"rendered":"Stages jeunes ASI Volley"},"content":{"rendered":"<div>Pour bien commencer cette nouvelle\u00a0ann\u00e9e, nous vous communiquons les dates des\u00a0stages\u00a0ASI Volley lors des prochaines vacances scolaires (si les mesures gouvernementales\u00a0le permettent).<\/div>\n<div><\/div>\n<div><img loading=\"lazy\" decoding=\"async\" class=\"aligncenter wp-image-4141 size-large\" src=\"https:\/\/asivolley.fr\/wp-content\/uploads\/2021\/01\/Capture-d\u2019\u00e9cran-2021-01-21-\u00e0-14.31.16-1024x431.png\" alt=\"\" width=\"1024\" height=\"431\" srcset=\"https:\/\/asivolley.fr\/wp-content\/uploads\/2021\/01\/Capture-d\u2019\u00e9cran-2021-01-21-\u00e0-14.31.16-1024x431.png 1024w, https:\/\/asivolley.fr\/wp-content\/uploads\/2021\/01\/Capture-d\u2019\u00e9cran-2021-01-21-\u00e0-14.31.16-300x126.png 300w, https:\/\/asivolley.fr\/wp-content\/uploads\/2021\/01\/Capture-d\u2019\u00e9cran-2021-01-21-\u00e0-14.31.16-768x323.png 768w, https:\/\/asivolley.fr\/wp-content\/uploads\/2021\/01\/Capture-d\u2019\u00e9cran-2021-01-21-\u00e0-14.31.16-128x54.png 128w, https:\/\/asivolley.fr\/wp-content\/uploads\/2021\/01\/Capture-d\u2019\u00e9cran-2021-01-21-\u00e0-14.31.16-32x13.png 32w, https:\/\/asivolley.fr\/wp-content\/uploads\/2021\/01\/Capture-d\u2019\u00e9cran-2021-01-21-\u00e0-14.31.16-98x41.png 98w, https:\/\/asivolley.fr\/wp-content\/uploads\/2021\/01\/Capture-d\u2019\u00e9cran-2021-01-21-\u00e0-14.31.16-600x252.png 600w, https:\/\/asivolley.fr\/wp-content\/uploads\/2021\/01\/Capture-d\u2019\u00e9cran-2021-01-21-\u00e0-14.31.16.png 1868w\" sizes=\"(max-width: 1024px) 100vw, 1024px\" \/><\/div>\n<div><\/div>\n<div>\u00c0 partir des vacances de f\u00e9vrier nous proposerons \u00e0 nos jeunes abeilles des\u00a0stages\u00a0permettant en m\u00eame temps le perfectionnement, la d\u00e9couverte et la cr\u00e9ation de lien social sur le territoire (entre les\u00a0jeunes\u00a0de la commune et\u00a0entre les licenci\u00e9s volley du bassin de pratique).<\/div>\n<div><\/div>\n<div>Ces\u00a0stages\u00a0d&rsquo;une dur\u00e9e de 3 jours seront\u00a0donc ouverts \u00e0 tous les enfants de la commune et aux licenci\u00e9s des autres clubs environnants. Nous encourageons vos enfants \u00e0 en parler \u00e0 leurs camarades d&rsquo;\u00e9cole et\/ou des autres clubs qui seront les bienvenus!<\/div>\n<div><\/div>\n<div>Compte tenu de la situation sanitaire et du peu d&rsquo;entra\u00eenements dispens\u00e9s depuis le d\u00e9but de saison, les\u00a0stages\u00a0seront naturellement offerts pour tous les\u00a0jeunes\u00a0licenci\u00e9s au club, jusqu&rsquo;\u00e0 la fin de la saison 20\/21. Le prix du\u00a0stage\u00a0pour les enfants hors ASI Volley est de 30\u20ac les trois jours.<\/div>\n<div><\/div>\n<div>Le nombre de places est limit\u00e9 \u00e0 45\u00a0jeunes\u00a0par\u00a0stage, les licenci\u00e9s\u00a0ASI VB seront bien entendu prioritaires.<\/div>\n<div><\/div>\n<div>Pour inscrire votre enfant, merci de r\u00e9server la place Th\u00e9o Debard (06 47 95 99 30 \/\u00a0<a href=\"mailto:theo.debard@asivolley.fr\" target=\"_blank\" rel=\"noopener\">theo.debard@asivolley.fr<\/a>) ou Nicolas Gomez (06 64 91 83 04 \/\u00a0<a href=\"mailto:nicolas.gomez@asivolley.fr\" target=\"_blank\" rel=\"noopener\">nicolas.gomez@asivolley.fr<\/a>)<\/div>\n<p><a href=\"https:\/\/asivolley.fr\/wp-content\/uploads\/2021\/01\/Stage-jeune.pdf\">Informations compl\u00e9mentaires stages<\/a><\/p>\n<p><a href=\"https:\/\/asivolley.fr\/wp-content\/uploads\/2021\/01\/bulletin-inscription-Stage.pdf\">bulletin inscription stages<\/a><\/p>\n","protected":false},"excerpt":{"rendered":"<p>Pour bien commencer cette nouvelle\u00a0ann\u00e9e, nous vous communiquons les dates des\u00a0stages\u00a0ASI Volley lors des prochaines vacances scolaires (si les mesures gouvernementales\u00a0le permettent). \u00c0 partir des vacances de f\u00e9vrier nous proposerons \u00e0 nos jeunes abeilles des\u00a0stages\u00a0permettant en m\u00eame temps le perfectionnement, la d\u00e9couverte et la cr\u00e9ation de lien social sur le territoire (entre les\u00a0jeunes\u00a0de la commune&#8230;<\/p>\n","protected":false},"author":3,"featured_media":3826,"comment_status":"closed","ping_status":"closed","sticky":false,"template":"","format":"standard","meta":{"footnotes":""},"categories":[247],"tags":[240,237,269,250,241,268],"_links":{"self":[{"href":"https:\/\/asivolley.fr\/index.php\/wp-json\/wp\/v2\/posts\/4133"}],"collection":[{"href":"https:\/\/asivolley.fr\/index.php\/wp-json\/wp\/v2\/posts"}],"about":[{"href":"https:\/\/asivolley.fr\/index.php\/wp-json\/wp\/v2\/types\/post"}],"author":[{"embeddable":true,"href":"https:\/\/asivolley.fr\/index.php\/wp-json\/wp\/v2\/users\/3"}],"replies":[{"embeddable":true,"href":"https:\/\/asivolley.fr\/index.php\/wp-json\/wp\/v2\/comments?post=4133"}],"version-history":[{"count":7,"href":"https:\/\/asivolley.fr\/index.php\/wp-json\/wp\/v2\/posts\/4133\/revisions"}],"predecessor-version":[{"id":4144,"href":"https:\/\/asivolley.fr\/index.php\/wp-json\/wp\/v2\/posts\/4133\/revisions\/4144"}],"wp:featuredmedia":[{"embeddable":true,"href":"https:\/\/asivolley.fr\/index.php\/wp-json\/wp\/v2\/media\/3826"}],"wp:attachment":[{"href":"https:\/\/asivolley.fr\/index.php\/wp-json\/wp\/v2\/media?parent=4133"}],"wp:term":[{"taxonomy":"category","embeddable":true,"href":"https:\/\/asivolley.fr\/index.php\/wp-json\/wp\/v2\/categories?post=4133"},{"taxonomy":"post_tag","embeddable":true,"href":"https:\/\/asivolley.fr\/index.php\/wp-json\/wp\/v2\/tags?post=4133"}],"curies":[{"name":"wp","href":"https:\/\/api.w.org\/{rel}","templated":true}]}}