{"id":3921,"date":"2020-11-19T15:55:14","date_gmt":"2020-11-19T14:55:14","guid":{"rendered":"https:\/\/asivolley.fr\/?p=3921"},"modified":"2020-11-19T18:51:58","modified_gmt":"2020-11-19T17:51:58","slug":"focus-benevole-virginie-gandrand","status":"publish","type":"post","link":"https:\/\/asivolley.fr\/index.php\/2020\/11\/19\/focus-benevole-virginie-gandrand\/","title":{"rendered":"Focus B\u00e9n\u00e9vole: Virginie Gandrand"},"content":{"rendered":"<p><strong>Pouvez-vous vous pr\u00e9senter ?\u00a0<\/strong><\/p>\n<p>Je suis tr\u00e9sori\u00e8re adjointe de l&rsquo;association aux c\u00f4t\u00e9s de Sophie Hassoun et plut\u00f4t en charge des sujets relatifs \u00e0 la gestion des ressources humaines et droit du travail. Je m&rsquo;occupe \u00e9galement de la partie billetterie.<\/p>\n<p><strong>Pourquoi \u00eatre devenue b\u00e9n\u00e9vole \u00e0 l\u2019ASI?\u00a0<\/strong><\/p>\n<p>J\u2019ai rejoint l\u2019\u00e9quipe dirigeante de l\u2019ASI il y a 2 ans. Je connaissais d\u00e9j\u00e0 le club puisque mes deux filles y jouaient et y jouent et mon mari \u00e9tait d\u00e9j\u00e0 membre du bureau. J\u2019\u00e9tais aussi b\u00e9n\u00e9vole au niveau de la buvette les soirs de matchs.<\/p>\n<p>J\u2019ai eu un d\u00e9clic lors des \u00ab\u00a0adieux \u00e0 Qu\u00e9randeau\u00a0\u00bb. L\u2019ambiance \u00e9tait survolt\u00e9e comme dans un chaudron en \u00e9bullition. J&rsquo;ai eu envie de partager d&rsquo;autres moments comme ceux-l\u00e0 et donc de m&rsquo;investir un peu plus dans le club.<\/p>\n<p>L\u2019\u00e9quipe dirigeante de l\u2019ASI, dont St\u00e9phane Hassoun le Pr\u00e9sident, a connu depuis quelques ann\u00e9es un changement b\u00e9n\u00e9fique, avec des objectifs pr\u00e9cis aussi bien au niveau de l\u2019\u00e9quipe professionnelle qu\u2019au niveau de l\u2019organisation du club. Une \u00e9quipe de b\u00e9n\u00e9voles s&rsquo;est constitu\u00e9e autour de St\u00e9phane sous forme de bin\u00f4mes, ce qui permet aussi de se partager le travail.<\/p>\n<p><strong>Que pensez-vous de l\u2019\u00e9volution du club depuis sa mont\u00e9e en Ligue B ?\u00a0<\/strong><\/p>\n<p>Il s\u2019agit d\u2019une tr\u00e8s belle \u00e9volution qui est le r\u00e9sultat de tout le travail men\u00e9 ces derni\u00e8res ann\u00e9es, notamment par St\u00e9phane.<\/p>\n<p>Tout est r\u00e9fl\u00e9chi et construit tant sur le plan sportif qu&rsquo;au niveau budg\u00e9taire, ressources, animations\u2026<\/p>\n<p>Le collectif professionnel est certes tr\u00e8s important mais il y a aussi les autres collectifs qui constituent le club. Toute la difficult\u00e9 justement d\u2019un passage d\u2019un statut amateur \u00e0 un statut professionnel r\u00e9side dans le fait de pouvoir trouver ce juste \u00e9quilibre entre l\u2019esprit familial qu\u2019il y a toujours eu \u00e0 l\u2019ASI et la gestion d\u2019une petite entreprise avec ses imp\u00e9ratifs \u00e9conomiques.<\/p>\n<p>C\u2019est un \u00e9change de bons proc\u00e9d\u00e9s, nous sommes au service de l\u2019\u00e9quipe pro qui elle m\u00eame doit \u00eatre au service des autres collectifs.<\/p>\n<p>L\u2019aspect budg\u00e9taire est l\u2019un des piliers importants \u00e0 g\u00e9rer, encore plus depuis la professionnalisation du club. Il est n\u00e9cessaire de d\u00e9velopper le partenariat priv\u00e9 pour ne pas trop d\u00e9pendre des subventions publiques. Nous sommes tr\u00e8s heureux d\u2019avoir actuellement ces diff\u00e9rents partenariats, publics et priv\u00e9s, et j&rsquo;en profite pour les remercier de leur soutien, surtout en cette p\u00e9riode !<\/p>\n<p><strong>Pouvez-vous nous raconter un \u00e9v\u00e9nement v\u00e9cu avec l\u2019ASI?\u00a0<\/strong><\/p>\n<p>La finale de la Coupe de France \u00e0 Paris en 2018 face \u00e0 Amiens (victoire 3-0 pour l\u2019ASI).<\/p>\n<p>C\u2019\u00e9tait un moment tr\u00e8s fort, nous sommes partis \u00e0 8 personnes en minibus, avec une organisation de derni\u00e8re minute sans informer les joueurs de notre venue. Nous avons rejoint les quelques autres supporters qui \u00e9taient d\u00e9j\u00e0 sur place. Nous n\u2019\u00e9tions peut-\u00eatre pas nombreux dans cette belle salle de Coubertin, par rapport aux supporters d\u2019Amiens, mais c\u00f4t\u00e9 ambiance, on a tout d\u00e9chir\u00e9 !!! On a sans doute apport\u00e9 notre modeste contribution \u00e0 leur victoire !<\/p>\n<p>Victoire que nous avons ensuite f\u00eat\u00e9e avec eux comme il se doit, tous ensemble! A Paris, puis chez nous !<\/p>\n<p><strong>Avez-vous un souvenir en lien avec le volley?\u00a0<\/strong><\/p>\n<p>J\u2019ai pratiqu\u00e9 le volley dans un petit club lorrain, alors que j&rsquo;\u00e9tais lyc\u00e9enne. Mais \u00e0 un tout petit niveau. Ce que j&rsquo;appr\u00e9cie aujourd&rsquo;hui, ce sont les tournois enfants\/parents\/entraineurs organis\u00e9s par le club. C\u2019est un concept tr\u00e8s sympathique, peu importe le niveau des participants, qui permet de partager un vrai moment de convivialit\u00e9!<\/p>\n<p><strong>Un message personnel pour nos abeilles qui jouent samedi face \u00e0 Saint Nazaire?\u00a0<\/strong><\/p>\n<p>Etre confiants, \u00e7a va \u00eatre un gros match, c\u2019est s\u00fbrement l\u2019autre \u00e9quipe \u00e0 battre du championnat! Il faut rester unis, solidaires et attentifs. On esp\u00e8re tous voir une victoire. Je suis persuad\u00e9e qu\u2019ils peuvent le faire et on sera derri\u00e8re eux sans faute, m\u00eame de chez nous!<\/p>\n<p>&nbsp;<\/p>\n","protected":false},"excerpt":{"rendered":"<p>Pouvez-vous vous pr\u00e9senter ?\u00a0 Je suis tr\u00e9sori\u00e8re adjointe de l&rsquo;association aux c\u00f4t\u00e9s de Sophie Hassoun et plut\u00f4t en charge des sujets relatifs \u00e0 la gestion des ressources humaines et droit du travail. Je m&rsquo;occupe \u00e9galement de la partie billetterie. Pourquoi \u00eatre devenue b\u00e9n\u00e9vole \u00e0 l\u2019ASI?\u00a0 J\u2019ai rejoint l\u2019\u00e9quipe dirigeante de l\u2019ASI il y a 2&#8230;<\/p>\n","protected":false},"author":3,"featured_media":3930,"comment_status":"closed","ping_status":"closed","sticky":false,"template":"","format":"standard","meta":{"footnotes":""},"categories":[247],"tags":[240,237,249,250,243,241],"_links":{"self":[{"href":"https:\/\/asivolley.fr\/index.php\/wp-json\/wp\/v2\/posts\/3921"}],"collection":[{"href":"https:\/\/asivolley.fr\/index.php\/wp-json\/wp\/v2\/posts"}],"about":[{"href":"https:\/\/asivolley.fr\/index.php\/wp-json\/wp\/v2\/types\/post"}],"author":[{"embeddable":true,"href":"https:\/\/asivolley.fr\/index.php\/wp-json\/wp\/v2\/users\/3"}],"replies":[{"embeddable":true,"href":"https:\/\/asivolley.fr\/index.php\/wp-json\/wp\/v2\/comments?post=3921"}],"version-history":[{"count":7,"href":"https:\/\/asivolley.fr\/index.php\/wp-json\/wp\/v2\/posts\/3921\/revisions"}],"predecessor-version":[{"id":3932,"href":"https:\/\/asivolley.fr\/index.php\/wp-json\/wp\/v2\/posts\/3921\/revisions\/3932"}],"wp:featuredmedia":[{"embeddable":true,"href":"https:\/\/asivolley.fr\/index.php\/wp-json\/wp\/v2\/media\/3930"}],"wp:attachment":[{"href":"https:\/\/asivolley.fr\/index.php\/wp-json\/wp\/v2\/media?parent=3921"}],"wp:term":[{"taxonomy":"category","embeddable":true,"href":"https:\/\/asivolley.fr\/index.php\/wp-json\/wp\/v2\/categories?post=3921"},{"taxonomy":"post_tag","embeddable":true,"href":"https:\/\/asivolley.fr\/index.php\/wp-json\/wp\/v2\/tags?post=3921"}],"curies":[{"name":"wp","href":"https:\/\/api.w.org\/{rel}","templated":true}]}}