{"id":3849,"date":"2020-10-30T11:02:34","date_gmt":"2020-10-30T10:02:34","guid":{"rendered":"https:\/\/asivolley.fr\/?p=3849"},"modified":"2020-10-30T11:13:53","modified_gmt":"2020-10-30T10:13:53","slug":"interview-gauthier-bonnefoy","status":"publish","type":"post","link":"https:\/\/asivolley.fr\/index.php\/2020\/10\/30\/interview-gauthier-bonnefoy\/","title":{"rendered":"Les choses \u00e0 savoir sur notre joueur Gauthier Bonnefoy"},"content":{"rendered":"<p><strong>Lieu et date de naissance ?<\/strong><\/p>\n<p>S\u00e8te, le 11 juin 1995, j&rsquo;ai 25 ans.<\/p>\n<p><strong>Profession des parents?<\/strong><\/p>\n<p>Mon p\u00e8re est kin\u00e9 et ma m\u00e8re \u00e9tait notaire, elle a arr\u00eat\u00e9 de travailler.<\/p>\n<p><strong>Tes passions?<\/strong><\/p>\n<p>Volley, paddle et surf.<\/p>\n<p><strong>Pourquoi le volley ?<\/strong><\/p>\n<p>Parce que le foot n&rsquo;a pas voulu de moi.<\/p>\n<p><strong>Ils ont dit quoi tes parents quand tu as d\u00e9cid\u00e9 de faire du volley?<\/strong><\/p>\n<p>Ils m&rsquo;ont toujours soutenu, encourag\u00e9 et ils ont trouv\u00e9 que c&rsquo;\u00e9tait un bon choix.<\/p>\n<p><strong>\u00c7a fait combien de temps que tu joues au volley?<\/strong><\/p>\n<p>Depuis mes 11 ans, donc 14 ans.<\/p>\n<p><strong>Ton poste au volley?<\/strong><\/p>\n<p>R\u00e9ceptionneur-attaquant.<\/p>\n<p><strong>Ton parcours professionnel?<\/strong><\/p>\n<p>Je suis pass\u00e9 par toutes les structures nationales en passant par le P\u00f4le Espoir et en m&rsquo;entrainant assez souvent avec le Centre National de volley-ball. J&rsquo;ai fait 3 ans en centre de formation et ensuite j&rsquo;ai sign\u00e9 en tant que professionnel \u00e0 \u00a021 ans.<\/p>\n<p><strong>As-tu un autre m\u00e9tier en plus du volley?<\/strong><\/p>\n<p>Je d\u00e9veloppe un business dans le courtage en \u00e9nergie.<\/p>\n<p><strong>Les dessins anim\u00e9s que tu regardais petit ?<\/strong><\/p>\n<p>Tous les films Walt Disney.<\/p>\n<p><strong>Tes musiques pr\u00e9f\u00e9r\u00e9es ?<\/strong><\/p>\n<p>J&rsquo;\u00e9coute plein de styles diff\u00e9rents en passant par Eminem, U2, Laurent Garnier&#8230;<\/p>\n<p><strong>Ta star pr\u00e9f\u00e9r\u00e9e?<\/strong><\/p>\n<p>Roger Federer.<\/p>\n<p><strong>Ton r\u00eave ?<\/strong><\/p>\n<p>Voyager le plus possible accompagn\u00e9 de ma planche de surf.<\/p>\n<p><strong>Ta plus grande fiert\u00e9?<\/strong><\/p>\n<p>R\u00e9ussir \u00e0 rester fid\u00e8le \u00e0 moi-m\u00eame.<\/p>\n<p><strong>\u00c7a fait quoi d&rsquo;\u00eatre joueur professionnel ?<\/strong><\/p>\n<p>C&rsquo;est une tr\u00e8s belle chance et s\u00fbrement ma deuxi\u00e8me plus grande fiert\u00e9.<\/p>\n","protected":false},"excerpt":{"rendered":"<p>Lieu et date de naissance ? S\u00e8te, le 11 juin 1995, j&rsquo;ai 25 ans. Profession des parents? Mon p\u00e8re est kin\u00e9 et ma m\u00e8re \u00e9tait notaire, elle a arr\u00eat\u00e9 de travailler. Tes passions? Volley, paddle et surf. Pourquoi le volley ? Parce que le foot n&rsquo;a pas voulu de moi. Ils ont dit quoi tes&#8230;<\/p>\n","protected":false},"author":3,"featured_media":3852,"comment_status":"closed","ping_status":"closed","sticky":false,"template":"","format":"standard","meta":{"footnotes":""},"categories":[4,124],"tags":[],"_links":{"self":[{"href":"https:\/\/asivolley.fr\/index.php\/wp-json\/wp\/v2\/posts\/3849"}],"collection":[{"href":"https:\/\/asivolley.fr\/index.php\/wp-json\/wp\/v2\/posts"}],"about":[{"href":"https:\/\/asivolley.fr\/index.php\/wp-json\/wp\/v2\/types\/post"}],"author":[{"embeddable":true,"href":"https:\/\/asivolley.fr\/index.php\/wp-json\/wp\/v2\/users\/3"}],"replies":[{"embeddable":true,"href":"https:\/\/asivolley.fr\/index.php\/wp-json\/wp\/v2\/comments?post=3849"}],"version-history":[{"count":10,"href":"https:\/\/asivolley.fr\/index.php\/wp-json\/wp\/v2\/posts\/3849\/revisions"}],"predecessor-version":[{"id":3860,"href":"https:\/\/asivolley.fr\/index.php\/wp-json\/wp\/v2\/posts\/3849\/revisions\/3860"}],"wp:featuredmedia":[{"embeddable":true,"href":"https:\/\/asivolley.fr\/index.php\/wp-json\/wp\/v2\/media\/3852"}],"wp:attachment":[{"href":"https:\/\/asivolley.fr\/index.php\/wp-json\/wp\/v2\/media?parent=3849"}],"wp:term":[{"taxonomy":"category","embeddable":true,"href":"https:\/\/asivolley.fr\/index.php\/wp-json\/wp\/v2\/categories?post=3849"},{"taxonomy":"post_tag","embeddable":true,"href":"https:\/\/asivolley.fr\/index.php\/wp-json\/wp\/v2\/tags?post=3849"}],"curies":[{"name":"wp","href":"https:\/\/api.w.org\/{rel}","templated":true}]}}