{"id":2926,"date":"2019-05-14T16:20:18","date_gmt":"2019-05-14T14:20:18","guid":{"rendered":"https:\/\/asivolley.fr\/?p=2926"},"modified":"2019-05-14T16:20:18","modified_gmt":"2019-05-14T14:20:18","slug":"un-illacais-en-equipe-de-france","status":"publish","type":"post","link":"https:\/\/asivolley.fr\/index.php\/2019\/05\/14\/un-illacais-en-equipe-de-france\/","title":{"rendered":"Un illacais en Equipe de France !!"},"content":{"rendered":"<p>La nouvelle est tomb\u00e9e la semaine derni\u00e8re, un joueur d&rsquo;Illac est appel\u00e9 en Equipe de France Sourd pour disputer cet \u00e9t\u00e9 l&rsquo;EuroVolley Sourd \u00e0 Cagliari du 6 au 16 juin.\u00a0 Sylvain Plantey, joueur de la pr\u00e9-nationale illacaise masculine en fera donc partie.<\/p>\n<p><em>Peux-tu te pr\u00e9senter rapidement Sylvain ?\u00a0<\/em><\/p>\n<p>Je m&rsquo;appelle Sylvain Plantey. Je suis sourd-signant. Je travaille comme formateur LSF au sein d&rsquo;un centre de formation professionnel : Visuel LSF Nouvelle-Aquitaine. Je fais parti du club de volley de la ville de St-Jean-d&rsquo;Illac dans une \u00e9quipe entendante. Je fais aussi parti du club de volley de Montpellier dans une \u00e9quipe sourde.<\/p>\n<p><em>Peux-tu nous parler un peu du groupe France Sourd ?<\/em><\/p>\n<p>L&rsquo;\u00e9quipe est compos\u00e9e de 11 joueurs. Je suis le joueur le plus \u00e2g\u00e9 du groupe, le plus jeune joueur a 17 ans. En g\u00e9n\u00e9ral les joueurs ont en moyenne 28\/29 ans. Les joueurs sont exp\u00e9riment\u00e9s, d&rsquo;un niveau national 3. L&rsquo;\u00e9quipe est meilleure maintenant que par les ann\u00e9es pass\u00e9es.<\/p>\n<p><em>Peux- tu nous parler un petit peu de cet Euro ?<\/em><\/p>\n<p>J&rsquo;ai \u00e9t\u00e9 s\u00e9lectionn\u00e9 par le groupe France sourd pour participer \u00e0 l&rsquo;Euro. Mon objectif est d&rsquo;arriver en demi-finale! Les \u00e9quipes ukrainiennes, russes et turques qu&rsquo;on a dans la poule sont d&rsquo;un tr\u00e8s bon niveau car ce sont des \u00e9quipes professionnelles. J&rsquo;esp\u00e8re que nous irons le plus loin possible dans la comp\u00e9tition !<\/p>\n<p>Merci Sylvain,<\/p>\n<p>Bonne chance \u00e0 la team et on suivra avec attention vos r\u00e9sultats !!<\/p>\n","protected":false},"excerpt":{"rendered":"<p>La nouvelle est tomb\u00e9e la semaine derni\u00e8re, un joueur d&rsquo;Illac est appel\u00e9 en Equipe de France Sourd pour disputer cet \u00e9t\u00e9 l&rsquo;EuroVolley Sourd \u00e0 Cagliari du 6 au 16 juin.\u00a0 Sylvain Plantey, joueur de la pr\u00e9-nationale illacaise masculine en fera donc partie. Peux-tu te pr\u00e9senter rapidement Sylvain ?\u00a0 Je m&rsquo;appelle Sylvain Plantey. Je suis sourd-signant&#8230;.<\/p>\n","protected":false},"author":1,"featured_media":2927,"comment_status":"closed","ping_status":"closed","sticky":false,"template":"","format":"standard","meta":{"footnotes":""},"categories":[4],"tags":[],"_links":{"self":[{"href":"https:\/\/asivolley.fr\/index.php\/wp-json\/wp\/v2\/posts\/2926"}],"collection":[{"href":"https:\/\/asivolley.fr\/index.php\/wp-json\/wp\/v2\/posts"}],"about":[{"href":"https:\/\/asivolley.fr\/index.php\/wp-json\/wp\/v2\/types\/post"}],"author":[{"embeddable":true,"href":"https:\/\/asivolley.fr\/index.php\/wp-json\/wp\/v2\/users\/1"}],"replies":[{"embeddable":true,"href":"https:\/\/asivolley.fr\/index.php\/wp-json\/wp\/v2\/comments?post=2926"}],"version-history":[{"count":1,"href":"https:\/\/asivolley.fr\/index.php\/wp-json\/wp\/v2\/posts\/2926\/revisions"}],"predecessor-version":[{"id":2928,"href":"https:\/\/asivolley.fr\/index.php\/wp-json\/wp\/v2\/posts\/2926\/revisions\/2928"}],"wp:featuredmedia":[{"embeddable":true,"href":"https:\/\/asivolley.fr\/index.php\/wp-json\/wp\/v2\/media\/2927"}],"wp:attachment":[{"href":"https:\/\/asivolley.fr\/index.php\/wp-json\/wp\/v2\/media?parent=2926"}],"wp:term":[{"taxonomy":"category","embeddable":true,"href":"https:\/\/asivolley.fr\/index.php\/wp-json\/wp\/v2\/categories?post=2926"},{"taxonomy":"post_tag","embeddable":true,"href":"https:\/\/asivolley.fr\/index.php\/wp-json\/wp\/v2\/tags?post=2926"}],"curies":[{"name":"wp","href":"https:\/\/api.w.org\/{rel}","templated":true}]}}