{"id":2830,"date":"2019-03-05T14:09:22","date_gmt":"2019-03-05T13:09:22","guid":{"rendered":"http:\/\/asivolley.fr\/?p=2830"},"modified":"2019-03-05T14:15:31","modified_gmt":"2019-03-05T13:15:31","slug":"retour-sur-les-dernieres-rencontres-de-la-n3m","status":"publish","type":"post","link":"https:\/\/asivolley.fr\/index.php\/2019\/03\/05\/retour-sur-les-dernieres-rencontres-de-la-n3m\/","title":{"rendered":"Retour sur les derni\u00e8res rencontres de la N3M"},"content":{"rendered":"<p>Rencontre du 23 F\u00e9vrier 2019:<\/p>\n<p>Victoire 3-0 contre Angers. Bon on va pas vous mentir concr\u00e8tement nous avons su jouer avec suffisamment de s\u00e9rieux pour ne pas \u00eatre inqui\u00e9t\u00e9 par l&rsquo;\u00e9quipe angevine. Le coach RECURT,\u00a0 qui a du jouer suite \u00e0 l&rsquo;absence de Messire LAFOR\u00caT parti f\u00eater son douzi\u00e8me anniversaire en famille au ski, s&rsquo;est m\u00eame permis ce qui est clairement honteux soit dit en passant, de mettre les jeunes et fringant GOMEZ et RUCHAUD sur le banc pour l&rsquo;int\u00e9gralit\u00e9 de la rencontre.<\/p>\n<p>Je sais que vous n&rsquo;attendez que \u00e7a, le SALECHICHON (Mascotte d\u00e9pos\u00e9e) fut attribu\u00e9 \u00e0 M.VIRAPIN gr\u00e2ce \u00e0 son service retombant pr\u00e8s des panneaux d\u00e9limitant l&rsquo;aire de jeu et un pousse-pousse perdu contre le passeur adverse qui n&rsquo;avait gu\u00e8re un gabarit battit pour ce jeu la&#8230; (emmerdant pour un mec si haut et si physique&#8230;..)<\/p>\n<p>&nbsp;<\/p>\n<p>Rencontre du 3 Mars 2019 :<\/p>\n<p>Rencontre contre St Denis en Val, encore une fois le premier set nous faisons preuve de s\u00e9rieux et empochons le set tr\u00e8s facilement 25-14. Des rotations s&rsquo;installent et on baisse un petit peu le pied ce qui nous emp\u00eachent de prendre compl\u00e8tement le large. Le petit brin de coaching en fin de set du coach RECURT nous permet de le remporter 25-22. Sur le dernier set nous baissons clairement le pied en terme d&rsquo;intensit\u00e9. Nous sommes men\u00e9s tout le long du dernier set et encore une fois le coaching final nous aides \u00e0 remporter le set et le match.<\/p>\n<p>Par contre ! y a eut du Salechichon sur ce match les nomin\u00e9s furent :<\/p>\n<ul>\n<li>VIRAPIN pour un service chronom\u00e9tr\u00e9 \u00e0 12km\/h et qui tombe 4 m\u00e8tres derri\u00e8re la ligne de fond.<\/li>\n<li>LACOMBE pour un service directement sur l&rsquo;arbitre (si si)<\/li>\n<li>LAFOR\u00caT pour un service sous le filet&#8230; oui sous le filet&#8230;<\/li>\n<li>GOMEZ qui rerentre sur le terrain avec son tee-shirt de chauffe sur le dos&#8230;. sans commentaire<\/li>\n<\/ul>\n<p>et le grand gagnant fut &#8230;.. LAFOR\u00caT !!!!<\/p>\n<p>&nbsp;<\/p>\n<p>Apr\u00e8s une petite tr\u00eave due \u00e0 la Coupe de France jeunes, nous recevrons le dimanche 17 Mars 2019 Les Sables d&rsquo;Olonne<\/p>\n<p>J&rsquo;en profite pour vous apprendre ? rappeler ? que le match contre M\u00e9rignac qui d\u00e9cidera probablement de l&rsquo;\u00e9quipe qui montera en N2M la saison prochaine, se d\u00e9roulera le 24 Mars \u00e0 M\u00e9rignac, alors notez le dans vos agendas !! \ud83d\ude09<\/p>\n<p>&nbsp;<\/p>\n<p>El Rernardo Enmascarado<\/p>\n<p>Photo by Aude Ljd<\/p>\n","protected":false},"excerpt":{"rendered":"<p>Rencontre du 23 F\u00e9vrier 2019: Victoire 3-0 contre Angers. Bon on va pas vous mentir concr\u00e8tement nous avons su jouer avec suffisamment de s\u00e9rieux pour ne pas \u00eatre inqui\u00e9t\u00e9 par l&rsquo;\u00e9quipe angevine. Le coach RECURT,\u00a0 qui a du jouer suite \u00e0 l&rsquo;absence de Messire LAFOR\u00caT parti f\u00eater son douzi\u00e8me anniversaire en famille au ski, s&rsquo;est&#8230;<\/p>\n","protected":false},"author":1,"featured_media":2832,"comment_status":"closed","ping_status":"closed","sticky":false,"template":"","format":"standard","meta":{"footnotes":""},"categories":[125],"tags":[],"_links":{"self":[{"href":"https:\/\/asivolley.fr\/index.php\/wp-json\/wp\/v2\/posts\/2830"}],"collection":[{"href":"https:\/\/asivolley.fr\/index.php\/wp-json\/wp\/v2\/posts"}],"about":[{"href":"https:\/\/asivolley.fr\/index.php\/wp-json\/wp\/v2\/types\/post"}],"author":[{"embeddable":true,"href":"https:\/\/asivolley.fr\/index.php\/wp-json\/wp\/v2\/users\/1"}],"replies":[{"embeddable":true,"href":"https:\/\/asivolley.fr\/index.php\/wp-json\/wp\/v2\/comments?post=2830"}],"version-history":[{"count":3,"href":"https:\/\/asivolley.fr\/index.php\/wp-json\/wp\/v2\/posts\/2830\/revisions"}],"predecessor-version":[{"id":2834,"href":"https:\/\/asivolley.fr\/index.php\/wp-json\/wp\/v2\/posts\/2830\/revisions\/2834"}],"wp:featuredmedia":[{"embeddable":true,"href":"https:\/\/asivolley.fr\/index.php\/wp-json\/wp\/v2\/media\/2832"}],"wp:attachment":[{"href":"https:\/\/asivolley.fr\/index.php\/wp-json\/wp\/v2\/media?parent=2830"}],"wp:term":[{"taxonomy":"category","embeddable":true,"href":"https:\/\/asivolley.fr\/index.php\/wp-json\/wp\/v2\/categories?post=2830"},{"taxonomy":"post_tag","embeddable":true,"href":"https:\/\/asivolley.fr\/index.php\/wp-json\/wp\/v2\/tags?post=2830"}],"curies":[{"name":"wp","href":"https:\/\/api.w.org\/{rel}","templated":true}]}}