{"id":2821,"date":"2019-02-18T16:28:54","date_gmt":"2019-02-18T15:28:54","guid":{"rendered":"http:\/\/asivolley.fr\/?p=2821"},"modified":"2019-02-18T16:29:35","modified_gmt":"2019-02-18T15:29:35","slug":"dernier-gros-deplacement-victorieux-n3m","status":"publish","type":"post","link":"https:\/\/asivolley.fr\/index.php\/2019\/02\/18\/dernier-gros-deplacement-victorieux-n3m\/","title":{"rendered":"Dernier (gros) d\u00e9placement victorieux [N3M]"},"content":{"rendered":"<p>Retour sur le match opposant la r\u00e9serve de la Ruche \u00e0 St Jean de Braye<\/p>\n<p>D\u00e9part 8h en ce dimanche 17 f\u00e9vrier pour la charmante petite bourgade de St Jean de Braye. On retrouve sur le lieu de rendez-vous les filles de la N2F qui aillait nous faire quelques heures plus tard une remontada de l&rsquo;espace pour gagner leur match contre Nantes !<\/p>\n<p>Donc on d\u00e9colle en retard car Lafor\u00eat nous fait faire 5 tours de rond point histoire d&rsquo;\u00eatre sur que sa voiture est ferm\u00e9e&#8230;.\u00a0 A part \u00e7a nous faisons bonne route. Une petite pause caf\u00e9 avant de s&rsquo;arr\u00eater sur une petite aire sympatoch, o\u00f9 nous avons pu profiter des premiers rayons de soleil pour nous substanter\u00a0 dans la plus grande convivialit\u00e9.<\/p>\n<p>Fin de la route o\u00f9 nous arrivons \u00e0 la salle dans un timing parfaitement calcul\u00e9 par le coach Recurt.<\/p>\n<p>Bon concr\u00e8tement, on va pas se mentir le match ne restera pas dans les annales&#8230; Nous avons logiquement justifi\u00e9 notre statut de 1er ex-aequo face au dernier de la poule. Alors que nous n&rsquo;avons clairement pas jouer notre meilleur volley nous avons r\u00e9ussit \u00e0 remporter le match assez facilement sans trop se mettre en danger, hormis dans le second set ou l&rsquo;on est l\u00e9g\u00e8rement bouscul\u00e9&#8230;<\/p>\n<p>D\u00e9part 17h apr\u00e8s la traditionnelle c\u00e9r\u00e9monie de passation de Salechich\u00f2n, on monte dans le minibus et apr\u00e8s avoir trouver la bonne route on repart direction St Jean d&rsquo;Illac. Et la un \u00e9norme tournoi de Trackmania s&rsquo;organise gr\u00e2ce \u00e0 Maitre Vico ! et l\u00e0 l&#8217;emballement g\u00e9n\u00e9ral saisit le minibus. La ferveur \u00e9tait \u00e0 son comble jusqu&rsquo;\u00e0 la pause repas \u00e0 Poitiers.<\/p>\n<p>Pause repas di\u00e9t\u00e9tique \u00e0 Poitiers, l&rsquo;essence et hop on repart !<\/p>\n<p>Et la bim ! DeBrito nous lance un grand Blind Test ! Alors l\u00e0 on a vu de tout !! On notera cependant les performances du duo Lafor\u00eat &#8211; Ichard sur les g\u00e9n\u00e9riques de s\u00e9rie, et celle de Recurt sur les ann\u00e9es 80 !!<\/p>\n<p>Bon vous l&rsquo;avez compris&#8230; heureusement que le trajet \u00e9tait sympa !!<\/p>\n<p>&nbsp;<\/p>\n<p>Mention sp\u00e9ciale au jeune Maxime Bobis, qui a subit le trajet du \u00e0 un voisin quelque peu d\u00e9rangeant et \u00e0 sa bonne performance pour sa premi\u00e8re apparition en N3.<\/p>\n<p>D\u00e9signation du Salechich\u00f2n : Romain DeBrito, encore un bel air-d\u00e9fense \u00e0 laquelle on peut ajouter une innefficacit\u00e9 totale aux 3m&#8230;. Match pauvre en terme d&rsquo;action p\u00e9pite !<\/p>\n<p>&nbsp;<\/p>\n<p>On vous attend nombreux pour venir nous voir dimanche prochain \u00e0 14h contre Angers. Puis apr\u00e8s il y aura les filles de la N2F qui jouent un match sympa contre Beziers, donc plut\u00f4t que de rien faire chez toi&#8230;. viens ! on sera bien bien bien !!<\/p>\n<p>&nbsp;<\/p>\n<p>El Renardo Enmascarrado<\/p>\n","protected":false},"excerpt":{"rendered":"<p>Retour sur le match opposant la r\u00e9serve de la Ruche \u00e0 St Jean de Braye D\u00e9part 8h en ce dimanche 17 f\u00e9vrier pour la charmante petite bourgade de St Jean de Braye. On retrouve sur le lieu de rendez-vous les filles de la N2F qui aillait nous faire quelques heures plus tard une remontada de&#8230;<\/p>\n","protected":false},"author":1,"featured_media":2822,"comment_status":"closed","ping_status":"closed","sticky":false,"template":"","format":"standard","meta":{"footnotes":""},"categories":[125],"tags":[],"_links":{"self":[{"href":"https:\/\/asivolley.fr\/index.php\/wp-json\/wp\/v2\/posts\/2821"}],"collection":[{"href":"https:\/\/asivolley.fr\/index.php\/wp-json\/wp\/v2\/posts"}],"about":[{"href":"https:\/\/asivolley.fr\/index.php\/wp-json\/wp\/v2\/types\/post"}],"author":[{"embeddable":true,"href":"https:\/\/asivolley.fr\/index.php\/wp-json\/wp\/v2\/users\/1"}],"replies":[{"embeddable":true,"href":"https:\/\/asivolley.fr\/index.php\/wp-json\/wp\/v2\/comments?post=2821"}],"version-history":[{"count":1,"href":"https:\/\/asivolley.fr\/index.php\/wp-json\/wp\/v2\/posts\/2821\/revisions"}],"predecessor-version":[{"id":2823,"href":"https:\/\/asivolley.fr\/index.php\/wp-json\/wp\/v2\/posts\/2821\/revisions\/2823"}],"wp:featuredmedia":[{"embeddable":true,"href":"https:\/\/asivolley.fr\/index.php\/wp-json\/wp\/v2\/media\/2822"}],"wp:attachment":[{"href":"https:\/\/asivolley.fr\/index.php\/wp-json\/wp\/v2\/media?parent=2821"}],"wp:term":[{"taxonomy":"category","embeddable":true,"href":"https:\/\/asivolley.fr\/index.php\/wp-json\/wp\/v2\/categories?post=2821"},{"taxonomy":"post_tag","embeddable":true,"href":"https:\/\/asivolley.fr\/index.php\/wp-json\/wp\/v2\/tags?post=2821"}],"curies":[{"name":"wp","href":"https:\/\/api.w.org\/{rel}","templated":true}]}}