{"id":2654,"date":"2018-10-08T16:28:43","date_gmt":"2018-10-08T14:28:43","guid":{"rendered":"http:\/\/asivolley.fr\/?p=2654"},"modified":"2018-10-11T14:30:35","modified_gmt":"2018-10-11T12:30:35","slug":"premier-plateau-pour-la-jeune-garde-illacaise","status":"publish","type":"post","link":"https:\/\/asivolley.fr\/index.php\/2018\/10\/08\/premier-plateau-pour-la-jeune-garde-illacaise\/","title":{"rendered":"Premier plateau pour la jeune garde illacaise"},"content":{"rendered":"<p>Nouvelle g\u00e9n\u00e9ration et nouveaux d\u00e9fis !<\/p>\n<p>Les M13G Illacais se d\u00e9pla\u00e7ait \u00e0 M\u00e9rignac pour un plateau open (tournoi amical pour les non initi\u00e9s). Nos jeunes abeilles \u00e9taient pr\u00e9sentes et rencontr\u00e8rent pour l&rsquo;occasion les \u00e9quipes de M\u00e9rignac, Talence, St M\u00e9dard, Ambar\u00e8s et AGJA.<\/p>\n<p>Avec 3 victoires (St M\u00e9dard , Ambar\u00e8s et AGJA) pour 2 d\u00e9faites (Talence, M\u00e9rignac) nos jeunes padawans ressortent du plateau avec un bilan positif. Outre le r\u00e9sultat l\u2019entra\u00eeneur est tr\u00e8s content de la prestation de l&rsquo;ensemble de ses joueurs car le travail tactique r\u00e9alis\u00e9 aux entra\u00eenements s&rsquo;est mis en place rapidement lors des premiers sets.<\/p>\n<p>Il ne reste donc plus qu&rsquo;\u00e0 nos jeunes pousses \u00e0 continuer le travail en vue de la coupe de France M13 du week-end prochain \u00e0 Pau. A cette occasion ils rencontreront les \u00e9quipes de Pau, Luy de B\u00e9arn et Sevres Anxaumont.<\/p>\n<p>&nbsp;<\/p>\n<p>Les joueurs : Romain, Esteban, Ethan, Baptiste, Rapha\u00ebl, Sam, Lucas<\/p>\n","protected":false},"excerpt":{"rendered":"<p>Nouvelle g\u00e9n\u00e9ration et nouveaux d\u00e9fis ! Les M13G Illacais se d\u00e9pla\u00e7ait \u00e0 M\u00e9rignac pour un plateau open (tournoi amical pour les non initi\u00e9s). Nos jeunes abeilles \u00e9taient pr\u00e9sentes et rencontr\u00e8rent pour l&rsquo;occasion les \u00e9quipes de M\u00e9rignac, Talence, St M\u00e9dard, Ambar\u00e8s et AGJA. Avec 3 victoires (St M\u00e9dard , Ambar\u00e8s et AGJA) pour 2 d\u00e9faites (Talence,&#8230;<\/p>\n","protected":false},"author":1,"featured_media":2655,"comment_status":"closed","ping_status":"closed","sticky":false,"template":"","format":"standard","meta":{"footnotes":""},"categories":[134],"tags":[],"_links":{"self":[{"href":"https:\/\/asivolley.fr\/index.php\/wp-json\/wp\/v2\/posts\/2654"}],"collection":[{"href":"https:\/\/asivolley.fr\/index.php\/wp-json\/wp\/v2\/posts"}],"about":[{"href":"https:\/\/asivolley.fr\/index.php\/wp-json\/wp\/v2\/types\/post"}],"author":[{"embeddable":true,"href":"https:\/\/asivolley.fr\/index.php\/wp-json\/wp\/v2\/users\/1"}],"replies":[{"embeddable":true,"href":"https:\/\/asivolley.fr\/index.php\/wp-json\/wp\/v2\/comments?post=2654"}],"version-history":[{"count":1,"href":"https:\/\/asivolley.fr\/index.php\/wp-json\/wp\/v2\/posts\/2654\/revisions"}],"predecessor-version":[{"id":2656,"href":"https:\/\/asivolley.fr\/index.php\/wp-json\/wp\/v2\/posts\/2654\/revisions\/2656"}],"wp:featuredmedia":[{"embeddable":true,"href":"https:\/\/asivolley.fr\/index.php\/wp-json\/wp\/v2\/media\/2655"}],"wp:attachment":[{"href":"https:\/\/asivolley.fr\/index.php\/wp-json\/wp\/v2\/media?parent=2654"}],"wp:term":[{"taxonomy":"category","embeddable":true,"href":"https:\/\/asivolley.fr\/index.php\/wp-json\/wp\/v2\/categories?post=2654"},{"taxonomy":"post_tag","embeddable":true,"href":"https:\/\/asivolley.fr\/index.php\/wp-json\/wp\/v2\/tags?post=2654"}],"curies":[{"name":"wp","href":"https:\/\/api.w.org\/{rel}","templated":true}]}}