{"id":2626,"date":"2018-10-02T14:52:33","date_gmt":"2018-10-02T12:52:33","guid":{"rendered":"http:\/\/asivolley.fr\/?p=2626"},"modified":"2018-10-08T16:30:27","modified_gmt":"2018-10-08T14:30:27","slug":"un-depart-en-fanfare","status":"publish","type":"post","link":"https:\/\/asivolley.fr\/index.php\/2018\/10\/02\/un-depart-en-fanfare\/","title":{"rendered":"Un d\u00e9part en fanfare !! [N3M]"},"content":{"rendered":"<p>Les Herbiers 0 \u2013 3 ASI<\/p>\n<p>Bon d\u00e9part de saison pour la r\u00e9serve de la ruche\u00a0! En effet pour leur premier match de la saison, l\u2019\u00e9quipe\u00a0 N3 illacaise se d\u00e9pla\u00e7ait en terre Herbretaise. D\u00e9placement \u00a0plut\u00f4t bien n\u00e9goci\u00e9 o\u00f9 les joueurs de la Ruche ont retrouv\u00e9 un ancien de la maison, Etienne Temgoua, qui le temps d\u2019un match, endossa le r\u00f4le de passeur en raison de nombreux absents dans les rangs Herbretais. Malgr\u00e9 donc de nombreuses absences des deux c\u00f4t\u00e9s, le match fut serr\u00e9 bien que brouillon des deux c\u00f4t\u00e9s durant les deux premi\u00e8res manches avant que les services illacais\u00a0 permirent aux visiteurs de se d\u00e9tacher d\u00e9finitivement pour le dernier set. Malgr\u00e9 donc les absences de DEBRITO et LAFOR\u00caT (s\u00e9minaires agricoles) et de GOMEZ (mollet rest\u00e9 dans la boite \u00e0 gant, mais quand m\u00eame sur la feuille de match) les joueurs illacais remport\u00e8rent les 3points de la victoire\u2026 et on ne cessera jamais de le dire\u2026 l\u2019important c\u2019est les 3 points\u00a0!!<\/p>\n<p>ASI 3 \u2013 0 Stade Poitevin<\/p>\n<p>Quelques jours pass\u00e8rent et nous voil\u00e0 en ce beau dimanche 30 septembre 2018, o\u00f9 les joueurs de la ruche re\u00e7oivent la r\u00e9serve du Stade Poitevin.\u00a0 Avec DEBRITO toujours en s\u00e9minaire agricole et GOMEZ qui ne retrouve toujours pas son mollet (on a pourtant v\u00e9rifi\u00e9 la boite \u00e0 gant), les joueurs illacais entam\u00e8rent bien le match avec de bonnes interventions au service. Un petit rel\u00e2chement en milieu de set ne g\u00e2cha cependant pas la f\u00eate car ils remport\u00e8rent cette premi\u00e8re manche gr\u00e2ce \u00e0 une derni\u00e8re s\u00e9rie de service de\u00a0 VIRAPIN.<\/p>\n<p>Le deuxi\u00e8me set, un fr\u00e9missement dans les rangs pictaviens se fit ressentir. La bataille fut plus ind\u00e9cise notamment en raison de petites b\u00eatises c\u00f4t\u00e9 abeilles et d\u2019une r\u00e9ception devenue plus instable sous le joug des services blancs et noirs. En stabilisant la r\u00e9ception et en retrouvant un peu d\u2019impact dans le secteur service\/block\/d\u00e9fense les abeilles parvinrent \u00e0 remporter le set sur le fil.<\/p>\n<p>Le dernier set fut un copi\u00e9 coll\u00e9 du second ou en \u00e9tant men\u00e9 tout du long, les abeilles parvinrent \u00e0 passer devant \u00e0 la fin.<\/p>\n<p>Le week-end prochain la r\u00e9serve de la ruche se d\u00e9placera \u00e0 Cholet, un des gros poissons de la poule qui reste sur une d\u00e9faite et qui aura donc \u00e0 c\u0153ur de se reprendre. Avec un DEBRITO normalement de retour de ses s\u00e9minaires et on l\u2019esp\u00e8re, un GOMEZ qui aura retrouv\u00e9 son mollet<\/p>\n<p>Au plaisir de vous conter de nouvelles histoires\u2026.<\/p>\n<p>EL RENARDO ENMASCARADO<\/p>\n<p>Photo de Aude Ljd<\/p>\n","protected":false},"excerpt":{"rendered":"<p>Les Herbiers 0 \u2013 3 ASI Bon d\u00e9part de saison pour la r\u00e9serve de la ruche\u00a0! En effet pour leur premier match de la saison, l\u2019\u00e9quipe\u00a0 N3 illacaise se d\u00e9pla\u00e7ait en terre Herbretaise. D\u00e9placement \u00a0plut\u00f4t bien n\u00e9goci\u00e9 o\u00f9 les joueurs de la Ruche ont retrouv\u00e9 un ancien de la maison, Etienne Temgoua, qui le temps&#8230;<\/p>\n","protected":false},"author":1,"featured_media":2627,"comment_status":"closed","ping_status":"closed","sticky":false,"template":"","format":"standard","meta":{"footnotes":""},"categories":[125],"tags":[],"_links":{"self":[{"href":"https:\/\/asivolley.fr\/index.php\/wp-json\/wp\/v2\/posts\/2626"}],"collection":[{"href":"https:\/\/asivolley.fr\/index.php\/wp-json\/wp\/v2\/posts"}],"about":[{"href":"https:\/\/asivolley.fr\/index.php\/wp-json\/wp\/v2\/types\/post"}],"author":[{"embeddable":true,"href":"https:\/\/asivolley.fr\/index.php\/wp-json\/wp\/v2\/users\/1"}],"replies":[{"embeddable":true,"href":"https:\/\/asivolley.fr\/index.php\/wp-json\/wp\/v2\/comments?post=2626"}],"version-history":[{"count":7,"href":"https:\/\/asivolley.fr\/index.php\/wp-json\/wp\/v2\/posts\/2626\/revisions"}],"predecessor-version":[{"id":2657,"href":"https:\/\/asivolley.fr\/index.php\/wp-json\/wp\/v2\/posts\/2626\/revisions\/2657"}],"wp:featuredmedia":[{"embeddable":true,"href":"https:\/\/asivolley.fr\/index.php\/wp-json\/wp\/v2\/media\/2627"}],"wp:attachment":[{"href":"https:\/\/asivolley.fr\/index.php\/wp-json\/wp\/v2\/media?parent=2626"}],"wp:term":[{"taxonomy":"category","embeddable":true,"href":"https:\/\/asivolley.fr\/index.php\/wp-json\/wp\/v2\/categories?post=2626"},{"taxonomy":"post_tag","embeddable":true,"href":"https:\/\/asivolley.fr\/index.php\/wp-json\/wp\/v2\/tags?post=2626"}],"curies":[{"name":"wp","href":"https:\/\/api.w.org\/{rel}","templated":true}]}}