{"id":2620,"date":"2018-09-27T15:24:55","date_gmt":"2018-09-27T13:24:55","guid":{"rendered":"http:\/\/asivolley.fr\/?p=2620"},"modified":"2018-09-27T15:35:50","modified_gmt":"2018-09-27T13:35:50","slug":"premier-match-de-la-saison-en-championnat-pour-la-n2f","status":"publish","type":"post","link":"https:\/\/asivolley.fr\/index.php\/2018\/09\/27\/premier-match-de-la-saison-en-championnat-pour-la-n2f\/","title":{"rendered":"premier match de la saison en championnat pour la N2F"},"content":{"rendered":"<p class=\"p1\"><span class=\"s1\">D\u00e9placement \u00e0 Neuville aux bois, charmante bourgade \u00e0 25 km au nord d&rsquo;Orl\u00e9ans. 1000Km aller\/retour pour le premier match de championnat, voil\u00e0 qui lance bien la saison.<\/span><\/p>\n<p class=\"p1\"><span class=\"s1\">L&rsquo;\u00e9quipe des filles est presque au complet, ne manque que Delphine qui re\u00e7oit son beau dipl\u00f4me tout neuf ce week-end.<\/span><\/p>\n<p class=\"p1\"><span class=\"s1\">Par rapport \u00e0 la saison derni\u00e8re, plusieurs nouvelles t\u00eates sont arriv\u00e9es\u00a0: L\u00e9na \u00e0 la passe apr\u00e8s \u00eatre pass\u00e9e par Toulouse et BMV (mais aussi \u00e0 Neuville aux bois\u2026), Emilie \u00e0 la pointe (m\u00eame si ce dimanche elle joue au centre pour remplacer Delphine), Laurie qui vient de la pr\u00e9nat en lib\u00e9ro et notre \u00ab\u00a0petite\u00a0\u00bb Geri qui est revenue apr\u00e8s une ann\u00e9e de bons et loyaux services \u00e0 BMV.<\/span><\/p>\n<p class=\"p1\"><span class=\"s1\">Bref vous l&rsquo;avez compris, il va falloir mettre tout ce bon monde au diapason et depuis fin ao\u00fbt, elles bossent dur aux entra\u00eenements pour attaquer cette saison avec des d\u00e9placements lointains comme Istres, Montpellier, B\u00e9ziers, Gruissan, Nantes etc.<\/span><\/p>\n<p class=\"p1\"><span class=\"s1\">Bref, apr\u00e8s nos presque 6 heures de voiture elles sont pr\u00eates \u00e0 lancer ce championnat. On retrouve Amandine, la r\u00e9gionale de l&rsquo;\u00e9tape qui a jou\u00e9e dans ce club quelques temps.<\/span><\/p>\n<p class=\"p1\"><span class=\"s1\">Cela commence fort avec un premier set remport\u00e9 9-25. On penserait presque que ce sont nos h\u00f4tes qui ont fait le voyage. Il faut dire aussi qu&rsquo;au niveau supporter et bruit il y avait ce qu&rsquo;il faut avec la famille (et la batterie) de L\u00e9na, celle d&rsquo;Amandine et des potes \u00e0 Emilie. Il y a des moments on se serait cru \u00e0 Favre. Bon, pour le match, les filles de Neuville se sont r\u00e9veill\u00e9es mais Illac gagne le second 21-25.<span class=\"Apple-converted-space\">\u00a0 <\/span>Dans le troisi\u00e8me, les guerri\u00e8res de la ruche sont \u00e0 la tra\u00eene jusqu&rsquo;au second temps mort technique (16-13) o\u00f9 elles reprennent la main pour infliger un beau 7-0 et revenir pour gagner 22-25 sur un dernier bloc de Geri.<\/span><\/p>\n<p class=\"p1\"><span class=\"s1\"> 3 sets \u00e0 0. Cela va nous faire rentrer pas trop tard \u00e0 la maison (mais sous la pluie&#8230;).<\/span><\/p>\n<p class=\"p1\"><span class=\"s1\">A noter le tr\u00e8s bon accueil de Neuville avec un super go\u00fbter pour les filles o\u00f9 il ne manquait rien.<\/span><\/p>\n<p class=\"p1\"><span class=\"s1\">Prochain match dimanche 30 septembre dans la ruche \u00e0 16H apr\u00e8s les N3 gar\u00e7ons.<\/span><\/p>\n<p class=\"p1\"><span class=\"s1\">JP<\/span><\/p>\n","protected":false},"excerpt":{"rendered":"<p>D\u00e9placement \u00e0 Neuville aux bois, charmante bourgade \u00e0 25 km au nord d&rsquo;Orl\u00e9ans. 1000Km aller\/retour pour le premier match de championnat, voil\u00e0 qui lance bien la saison. L&rsquo;\u00e9quipe des filles est presque au complet, ne manque que Delphine qui re\u00e7oit son beau dipl\u00f4me tout neuf ce week-end. Par rapport \u00e0 la saison derni\u00e8re, plusieurs nouvelles&#8230;<\/p>\n","protected":false},"author":1,"featured_media":2391,"comment_status":"closed","ping_status":"closed","sticky":false,"template":"","format":"standard","meta":{"footnotes":""},"categories":[132],"tags":[],"_links":{"self":[{"href":"https:\/\/asivolley.fr\/index.php\/wp-json\/wp\/v2\/posts\/2620"}],"collection":[{"href":"https:\/\/asivolley.fr\/index.php\/wp-json\/wp\/v2\/posts"}],"about":[{"href":"https:\/\/asivolley.fr\/index.php\/wp-json\/wp\/v2\/types\/post"}],"author":[{"embeddable":true,"href":"https:\/\/asivolley.fr\/index.php\/wp-json\/wp\/v2\/users\/1"}],"replies":[{"embeddable":true,"href":"https:\/\/asivolley.fr\/index.php\/wp-json\/wp\/v2\/comments?post=2620"}],"version-history":[{"count":1,"href":"https:\/\/asivolley.fr\/index.php\/wp-json\/wp\/v2\/posts\/2620\/revisions"}],"predecessor-version":[{"id":2622,"href":"https:\/\/asivolley.fr\/index.php\/wp-json\/wp\/v2\/posts\/2620\/revisions\/2622"}],"wp:featuredmedia":[{"embeddable":true,"href":"https:\/\/asivolley.fr\/index.php\/wp-json\/wp\/v2\/media\/2391"}],"wp:attachment":[{"href":"https:\/\/asivolley.fr\/index.php\/wp-json\/wp\/v2\/media?parent=2620"}],"wp:term":[{"taxonomy":"category","embeddable":true,"href":"https:\/\/asivolley.fr\/index.php\/wp-json\/wp\/v2\/categories?post=2620"},{"taxonomy":"post_tag","embeddable":true,"href":"https:\/\/asivolley.fr\/index.php\/wp-json\/wp\/v2\/tags?post=2620"}],"curies":[{"name":"wp","href":"https:\/\/api.w.org\/{rel}","templated":true}]}}