{"id":2171,"date":"2018-09-16T18:06:23","date_gmt":"2018-09-16T16:06:23","guid":{"rendered":"http:\/\/localhost\/site\/asi\/?p=2171"},"modified":"2018-10-03T13:50:10","modified_gmt":"2018-10-03T11:50:10","slug":"tournoi-pro-atlantillac","status":"publish","type":"post","link":"https:\/\/asivolley.fr\/index.php\/2018\/09\/16\/tournoi-pro-atlantillac\/","title":{"rendered":"TOURNOI PRO ATLANTILLAC"},"content":{"rendered":"<p><strong>Saint-Jean d&rsquo;Illac, tout juste promu en LBM, organise la deuxi\u00e8me \u00e9dition de son Tournoi Pro Atlantillac.<\/strong><\/p>\n<p>&nbsp;<\/p>\n<p>Les \u00e9quipes participantes seront Toulouse, Paris, Narbonne, et Saint-Jean d&rsquo;Illac.<\/p>\n<p>La premi\u00e8re \u00e9dition avait r\u00e9uni les \u00e9quipes de Poitiers, S\u00e8te, et Saint-Nazaire.<\/p>\n<p>&nbsp;<\/p>\n<p>Narbonne sera oppos\u00e9 \u00e0 Toulouse le 22 septembre \u00e0 17h et Saint-Jean d&rsquo;Illac affrontera Paris \u00e0 19h.<\/p>\n<p>Qui succ\u00e8dera \u00e0 S\u00e8te, vainqueur de la premi\u00e8re \u00e9dition\u00a0?<\/p>\n<p>Pour ne rien manquer de cette nouvelle \u00e9dition et d\u00e9couvrir les futurs effectifs 2018\/2019, rendez-vous les\u00a022 et 23 septembre 2018 \u00e0 la Salle Pierre Favre de Saint-Jean d&rsquo;Illac.<\/p>\n","protected":false},"excerpt":{"rendered":"<p>Saint-Jean d&rsquo;Illac, tout juste promu en LBM, organise la deuxi\u00e8me \u00e9dition de son Tournoi Pro Atlantillac. &nbsp; Les \u00e9quipes participantes seront Toulouse, Paris, Narbonne, et Saint-Jean d&rsquo;Illac. La premi\u00e8re \u00e9dition avait r\u00e9uni les \u00e9quipes de Poitiers, S\u00e8te, et Saint-Nazaire. &nbsp; Narbonne sera oppos\u00e9 \u00e0 Toulouse le 22 septembre \u00e0 17h et Saint-Jean d&rsquo;Illac affrontera Paris&#8230;<\/p>\n","protected":false},"author":1,"featured_media":2176,"comment_status":"closed","ping_status":"closed","sticky":false,"template":"","format":"standard","meta":{"footnotes":""},"categories":[124],"tags":[],"_links":{"self":[{"href":"https:\/\/asivolley.fr\/index.php\/wp-json\/wp\/v2\/posts\/2171"}],"collection":[{"href":"https:\/\/asivolley.fr\/index.php\/wp-json\/wp\/v2\/posts"}],"about":[{"href":"https:\/\/asivolley.fr\/index.php\/wp-json\/wp\/v2\/types\/post"}],"author":[{"embeddable":true,"href":"https:\/\/asivolley.fr\/index.php\/wp-json\/wp\/v2\/users\/1"}],"replies":[{"embeddable":true,"href":"https:\/\/asivolley.fr\/index.php\/wp-json\/wp\/v2\/comments?post=2171"}],"version-history":[{"count":1,"href":"https:\/\/asivolley.fr\/index.php\/wp-json\/wp\/v2\/posts\/2171\/revisions"}],"predecessor-version":[{"id":2172,"href":"https:\/\/asivolley.fr\/index.php\/wp-json\/wp\/v2\/posts\/2171\/revisions\/2172"}],"wp:featuredmedia":[{"embeddable":true,"href":"https:\/\/asivolley.fr\/index.php\/wp-json\/wp\/v2\/media\/2176"}],"wp:attachment":[{"href":"https:\/\/asivolley.fr\/index.php\/wp-json\/wp\/v2\/media?parent=2171"}],"wp:term":[{"taxonomy":"category","embeddable":true,"href":"https:\/\/asivolley.fr\/index.php\/wp-json\/wp\/v2\/categories?post=2171"},{"taxonomy":"post_tag","embeddable":true,"href":"https:\/\/asivolley.fr\/index.php\/wp-json\/wp\/v2\/tags?post=2171"}],"curies":[{"name":"wp","href":"https:\/\/api.w.org\/{rel}","templated":true}]}}